{"id":852,"date":"2022-09-12T12:56:37","date_gmt":"2022-09-12T10:56:37","guid":{"rendered":"https:\/\/intlprojects2.ugr.es\/migrimage_web\/?p=852"},"modified":"2023-01-17T19:03:05","modified_gmt":"2023-01-17T18:03:05","slug":"mare-liberum-foro-sobre-literatura-cine-y-periodismo-de-frontera-22-y-23-de-septiembre-universidad-de-granada","status":"publish","type":"post","link":"https:\/\/intlprojects2.ugr.es\/migrimage_web\/noticias\/mare-liberum-foro-sobre-literatura-cine-y-periodismo-de-frontera-22-y-23-de-septiembre-universidad-de-granada\/","title":{"rendered":"\u201cMARE LIBERUM. FORO SOBRE LITERATURA, CINE Y PERIODISMO DE FRONTERA\u201d.\u00a022 y 23 de septiembre. Granada"},"content":{"rendered":"\n<p>         Despu\u00e9s de dos a\u00f1os desde la creaci\u00f3n del proyecto, Migrimage:&nbsp;<em>Im\u00e1genes de la Migraci\u00f3n en la Frontera Sur&nbsp;<\/em>(Erasmus+K203) convoca este foro con el nombre: \u201c<em>Mare Liberum.&nbsp;<\/em>Foro sobre literatura, cine y periodismo de frontera\u201d que tendr\u00e1 lugar en Granada (Espa\u00f1a) los d\u00edas 22 y 23 de septiembre de este a\u00f1o 2022.&nbsp;&nbsp;<\/p>\n\n\n\n<p>&nbsp;&nbsp;&nbsp;&nbsp;&nbsp;&nbsp;&nbsp;&nbsp;&nbsp;Este evento multiplicador est\u00e1 organizado por la&nbsp;<strong>Universidad de Granada<\/strong>, quien lidera el proyecto Migrimage, y tambi\u00e9n se contar\u00e1 con la presencia del resto de socios europeos (<strong>Universidad de Salento<\/strong>&nbsp;(Lecce, Italia) y la&nbsp;<strong>Universidad del Mar Egeo&nbsp;<\/strong>(Lesbos, Grecia); la&nbsp;<strong>Asociaci\u00f3n Solidaria Andaluza de Desarrollo<\/strong>&nbsp;(Granada, Espa\u00f1a),&nbsp;<strong>ARCI Lecce Societa&#8217; Cooperativa Sociale<\/strong>&nbsp;(Italia) y&nbsp;<strong>Lesvos Solidarity<\/strong>&nbsp;(Grecia).<\/p>\n\n\n\n<p>&nbsp;&nbsp;&nbsp;&nbsp;&nbsp;&nbsp;&nbsp;&nbsp;&nbsp;El objetivo principal de este encuentro es presentar los resultados finales del proyecto Migrimage: el m\u00e1ster interuniversitario, los cursos piloto de formaci\u00f3n (Summer Schools), el MOOC y el WebDoc (web documental de creaci\u00f3n participativa). Los resultados ofrecen innovadoras herramientas formativas que profundizan en los Estudios de Frontera desde la perspectiva de la Comunicaci\u00f3n, en el marco geogr\u00e1fico de la Frontera Sur de Europa.&nbsp;<\/p>\n\n\n\n<hr class=\"wp-block-separator has-alpha-channel-opacity\"\/>\n\n\n\n<p>LISTA REPRODUCCI\u00d3N PRINCIPALES EVENTOS de Mare Liberum (22 y 23 de Septiembre de 2022)<\/p>\n\n\n\n<iframe width=\"1120\" height=\"630\" src=\"https:\/\/www.youtube.com\/embed\/videoseries?list=PL4oh-y3VVS3pRDJf5JXdeERHBZsZiuIkP\" title=\"YouTube video player\" frameborder=\"0\" allow=\"accelerometer; autoplay; clipboard-write; encrypted-media; gyroscope; picture-in-picture; web-share\" allowfullscreen=\"\"><\/iframe>\n\n\n\n<hr class=\"wp-block-separator has-alpha-channel-opacity\"\/>\n\n\n\n<div class=\"wp-block-buttons is-layout-flex wp-block-buttons-is-layout-flex\">\n<div class=\"wp-block-button\"><a class=\"wp-block-button__link wp-element-button\" href=\"https:\/\/www.youtube.com\/watch?v=x7M7QKNtnvc&amp;list=PL4oh-y3VVS3pRDJf5JXdeERHBZsZiuIkP\" target=\"_blank\" rel=\"noreferrer noopener\">Aqu\u00ed puedes ver la lista de reproducci\u00f3n completa<\/a><\/div>\n<\/div>\n\n\n\n<hr class=\"wp-block-separator has-alpha-channel-opacity\"\/>\n\n\n\n<p>&nbsp;&nbsp;&nbsp;&nbsp;&nbsp;&nbsp;&nbsp;&nbsp;&nbsp;El Foro comenzar\u00e1 el jueves 22 a las 17:30h en la&nbsp;<strong>Corrala de Santiago<\/strong>&nbsp;con un di\u00e1logo titulado&nbsp;<em>Culturas fronterizas, miradas desde la literatura<\/em>&nbsp;en el que participar\u00e1n&nbsp;<a href=\"https:\/\/luciambomio.com\/\">Luc\u00eda Asu\u00e9 Mbom\u00edo<\/a>&nbsp;(novelista y periodista),&nbsp;<a href=\"https:\/\/kalaelae.wordpress.com\/\">Qahli (K. Eltina\u00e9<\/a>)&nbsp;(poeta) y&nbsp;<a href=\"http:\/\/www.larota.es\/autores\/autores\/paco-bezerra\">Paco Bezerra<\/a> (dramaturgo).&nbsp;<\/p>\n\n\n\n<p>M\u00e1s tarde, a las 21:30h. y en el&nbsp;<strong>Cine Madrigal<\/strong>&nbsp;se proyectar\u00e1 la pel\u00edcula&nbsp;<a href=\"http:\/\/www.davidtrueba.com\/a-este-lado-del-mundo\/\"><em>A este lado del mundo<\/em><\/a>, de David Trueba y contaremos con la presencia del director para compartir un di\u00e1logo posterior.&nbsp;<\/p>\n\n\n\n<p>Al d\u00eda siguiente viernes 23, en el&nbsp;<strong>Sal\u00f3n de Grados de la Facultad de Comunicaci\u00f3n de la UGR<\/strong>, a las 9:30h., tendr\u00e1 lugar la apertura del Foro con Irene Pedreira (Directora de Proyectos y Convenios Internacionales del Vicerrectorado de Internacionalizaci\u00f3n), Susana Puerta (Vicedecana de Relaciones Internacionales de la Facultad de Comunicaci\u00f3n y Documentaci\u00f3n) y Domingo S\u00e1nchez-Mesa (director del proyecto Migrimage).&nbsp;<\/p>\n\n\n\n<p>A las 10h habr\u00e1 una Rueda de Prensa a disposici\u00f3n de todos los medios que quieran participar en la cobertura del evento&nbsp;y a las 10:30h compartiremos una descripci\u00f3n b\u00e1sica de los resultados del proyecto (M\u00e1ster en Estudios de Comunicaci\u00f3n y Cultura de Fronteras; WebDoc Migrimage y Mooc Migrimage).&nbsp;<\/p>\n\n\n\n<p>A partir de las 12:30h finalizaremos con un di\u00e1logo con el periodista&nbsp;<a href=\"https:\/\/cadenaser.com\/autor\/nicolas_castellano\/a\/\">Nicol\u00e1s Castellano<\/a>&nbsp;y el cineasta&nbsp;<a href=\"http:\/\/www.davidtrueba.com\/\">David Trueba<\/a>&nbsp;sobre la Melilla en el contexto de la Frontera Sur de Europa.&nbsp;<\/p>\n\n\n\n<p>Todas las actividades de este Foro son&nbsp;<strong>gratuitas<\/strong> (excepto la entrada al cine Madrigal con un coste de 4 euros). No es obligatoria la inscripci\u00f3n, aunque se recomienda realizarla a trav\u00e9s del formulario que encontrar\u00e1s <a href=\"https:\/\/forms.gle\/2RTkwUg5q5t7Wusw7\">aqu\u00ed<\/a>.&nbsp;<\/p>\n\n\n\n<p>Puedes descargar el programa completo de las jornadas <a href=\"https:\/\/intlprojects2.ugr.es\/migrimage_web\/wp-content\/uploads\/2022\/09\/PROGRAMA-MARE-LIBERUM-GRANADA.pdf\" target=\"_blank\" rel=\"noreferrer noopener\">aqu\u00ed<\/a>.&nbsp;<\/p>\n\n\n\n<p>Para m\u00e1s informaci\u00f3n y contacto:<\/p>\n\n\n\n<p>migrimage@ugr.es<\/p>\n\n\n\n<p>Facebook: @migrimage<\/p>\n\n\n\n<p>Instagram: @migrimage_<\/p>\n\n\n\n<p>Twitter: @migrimage<\/p>\n","protected":false},"excerpt":{"rendered":"<p>Despu\u00e9s de dos a\u00f1os desde la creaci\u00f3n del proyecto, Migrimage:&nbsp;Im\u00e1genes de la Migraci\u00f3n en la Frontera Sur&nbsp;(Erasmus+K203) convoca este foro con el nombre: \u201cMare Liberum.&nbsp;Foro sobre literatura, cine y periodismo de frontera\u201d que tendr\u00e1 lugar en Granada (Espa\u00f1a) los d\u00edas 22 y 23 de septiembre de este a\u00f1o 2022.&nbsp;&nbsp; &nbsp;&nbsp;&nbsp;&nbsp;&nbsp;&nbsp;&nbsp;&nbsp;&nbsp;Este evento multiplicador est\u00e1 organizado por &hellip;<\/p>\n<p class=\"read-more\"> <a class=\"\" href=\"https:\/\/intlprojects2.ugr.es\/migrimage_web\/noticias\/mare-liberum-foro-sobre-literatura-cine-y-periodismo-de-frontera-22-y-23-de-septiembre-universidad-de-granada\/\"> <span class=\"screen-reader-text\">\u201cMARE LIBERUM. FORO SOBRE LITERATURA, CINE Y PERIODISMO DE FRONTERA\u201d.\u00a022 y 23 de septiembre. Granada<\/span> Leer m\u00e1s &raquo;<\/a><\/p>\n","protected":false},"author":2,"featured_media":855,"comment_status":"closed","ping_status":"open","sticky":false,"template":"","format":"standard","meta":{"footnotes":""},"categories":[9],"tags":[],"class_list":["post-852","post","type-post","status-publish","format-standard","has-post-thumbnail","hentry","category-noticias"],"_links":{"self":[{"href":"https:\/\/intlprojects2.ugr.es\/migrimage_web\/wp-json\/wp\/v2\/posts\/852","targetHints":{"allow":["GET"]}}],"collection":[{"href":"https:\/\/intlprojects2.ugr.es\/migrimage_web\/wp-json\/wp\/v2\/posts"}],"about":[{"href":"https:\/\/intlprojects2.ugr.es\/migrimage_web\/wp-json\/wp\/v2\/types\/post"}],"author":[{"embeddable":true,"href":"https:\/\/intlprojects2.ugr.es\/migrimage_web\/wp-json\/wp\/v2\/users\/2"}],"replies":[{"embeddable":true,"href":"https:\/\/intlprojects2.ugr.es\/migrimage_web\/wp-json\/wp\/v2\/comments?post=852"}],"version-history":[{"count":15,"href":"https:\/\/intlprojects2.ugr.es\/migrimage_web\/wp-json\/wp\/v2\/posts\/852\/revisions"}],"predecessor-version":[{"id":1108,"href":"https:\/\/intlprojects2.ugr.es\/migrimage_web\/wp-json\/wp\/v2\/posts\/852\/revisions\/1108"}],"wp:featuredmedia":[{"embeddable":true,"href":"https:\/\/intlprojects2.ugr.es\/migrimage_web\/wp-json\/wp\/v2\/media\/855"}],"wp:attachment":[{"href":"https:\/\/intlprojects2.ugr.es\/migrimage_web\/wp-json\/wp\/v2\/media?parent=852"}],"wp:term":[{"taxonomy":"category","embeddable":true,"href":"https:\/\/intlprojects2.ugr.es\/migrimage_web\/wp-json\/wp\/v2\/categories?post=852"},{"taxonomy":"post_tag","embeddable":true,"href":"https:\/\/intlprojects2.ugr.es\/migrimage_web\/wp-json\/wp\/v2\/tags?post=852"}],"curies":[{"name":"wp","href":"https:\/\/api.w.org\/{rel}","templated":true}]}}